{"id":3096,"date":"2017-10-10T00:00:00","date_gmt":"2017-10-10T00:00:00","guid":{"rendered":"https:\/\/toffolettodeluca.it\/\/diversity-e-discriminazione-sul-posto-di-lavoro-i-partner-valeria-morosini-e-aldo-palumbo-intervengono-alla-conferenza-annuale-della-international-bar-association\/"},"modified":"2017-10-10T00:00:00","modified_gmt":"2017-10-10T00:00:00","slug":"diversity-e-discriminazione-sul-posto-di-lavoro-i-partner-valeria-morosini-e-aldo-palumbo-intervengono-alla-conferenza-annuale-della-international-bar-association","status":"publish","type":"post","link":"https:\/\/toffolettodeluca.it\/en\/diversity-e-discriminazione-sul-posto-di-lavoro-i-partner-valeria-morosini-e-aldo-palumbo-intervengono-alla-conferenza-annuale-della-international-bar-association\/","title":{"rendered":"DIVERSITY E DISCRIMINAZIONE SUL POSTO DI LAVORO &#8211; I partner Valeria Morosini e Aldo Palumbo  intervengono alla conferenza annuale della International Bar Association"},"content":{"rendered":"<p><em>Sydney, 10 ottobre 2017<\/em>. Gli avvocati  <a href=\"https:\/\/toffolettodeluca.it\/it\/avvocati-diritto-del-lavoro\/i-nostri-soci\/Valeria.Morosini\/\" >Valeria Morosini<\/a>   e  <a href=\"https:\/\/toffolettodeluca.it\/it\/avvocati-diritto-del-lavoro\/i-nostri-soci\/aldo.palumbo\/\" >Aldo Palumbo<\/a>  , partner dello studio legale <strong>Toffoletto De Luca Tamajo<\/strong>, partecipano alla conferenza annuale dell\u2019 <a href=\"https:\/\/www.ibanet.org\" target=\"_blank\" rel=\"noopener\">International Bar Association<\/a>  , in corso a Sydney fino a venerd\u00ec 13 ottobre. Importante spazio riservato al Discrimination and Equality Law Committee, di cui gli avvocati fanno parte, per approfondire tutte le tematiche legate alla diversity e alla discriminazione sul posto di lavoro.<\/p>\n<p>L\u2019avvocato <strong>Valeria Morosini<\/strong>, Officer del Discrimination and Equality Law Committee dell\u2019International Bar Association (IBA), modera oggi la sessione \u00abChanging the workforce dynamics: employ hipsters and elder employees\u00bb, che affronter\u00e0 una tematica attuale in tutti i Paesi: le difficolt\u00e0 per i datori di lavoro nell\u2019integrare forza lavoro che raggiunge l\u2019et\u00e0 pensionabile con le nuove generazioni. Le contraddizioni sono spesso numerose tra la necessit\u00e0 di consentire l&#8217;ingresso al mondo del lavoro alle nuove generazioni, facilitare il ricambio generazionale e scongiurare forme di discriminazione legate all\u2019et\u00e0.<\/p>\n<p>\u00abNel panel che moderer\u00f2 oggi avremo l&#8217;opportunit\u00e0 di discutere con tre in-house counsels le esperienze concrete dei datori di lavoro di realt\u00e0 multinazionali nel gestire il ricambio tra generazioni: commenteremo le sfide affrontate e le esperienze costruttive. Tre avvocati, rispettivamente da australia, U.K. ed Olanda supporteranno la discussione offrendo spunti normativi e giurisprudenziali\u00bb<\/p>\n<p>L\u2019avvocato <strong>Aldo Palumbo<\/strong> \u00e8, invece, tra i relatori dell\u2019incontro \u00abDisability and employment: new horizons\u00bb, in programma nel pomeriggio. I partecipanti si confronteranno sugli strumenti legislativi volti a superare le potenziali discriminazioni verso le persone con disabilit\u00e0 e, in particolare, verso quelle che sono considerate le nuove disabilit\u00e0 e per le quali negli ultimi anni sono stati segnalati dei comportamenti discriminanti come obesit\u00e0, depressione, disturbi della personalit\u00e0.\u00a0<\/p>\n<p> &#8220;<\/p>\n","protected":false},"excerpt":{"rendered":"<p>Sydney, 10 ottobre 2017. Gli avvocati Valeria Morosini e Aldo Palumbo , partner dello studio legale Toffoletto De Luca Tamajo, partecipano alla conferenza annuale dell\u2019 International Bar Association , in corso a Sydney fino a venerd\u00ec 13 ottobre. Importante spazio riservato al Discrimination and Equality Law Committee, di cui gli avvocati fanno parte, per approfondire &#8230; <a title=\"DIVERSITY E DISCRIMINAZIONE SUL POSTO DI LAVORO &#8211; I partner Valeria Morosini e Aldo Palumbo  intervengono alla conferenza annuale della International Bar Association\" class=\"read-more\" href=\"https:\/\/toffolettodeluca.it\/en\/diversity-e-discriminazione-sul-posto-di-lavoro-i-partner-valeria-morosini-e-aldo-palumbo-intervengono-alla-conferenza-annuale-della-international-bar-association\/\" aria-label=\"Read more about DIVERSITY E DISCRIMINAZIONE SUL POSTO DI LAVORO &#8211; I partner Valeria Morosini e Aldo Palumbo  intervengono alla conferenza annuale della International Bar Association\">Read more<\/a><\/p>\n","protected":false},"author":25,"featured_media":0,"comment_status":"closed","ping_status":"closed","sticky":false,"template":"","format":"standard","meta":{"_acf_changed":false,"content-type":"","_lmt_disableupdate":"","_lmt_disable":"","footnotes":""},"categories":[21],"tags":[],"class_list":["post-3096","post","type-post","status-publish","format-standard","hentry","category-newsflash-insight"],"acf":[],"yoast_head":"<!-- This site is optimized with the Yoast SEO plugin v27.1.1 - https:\/\/yoast.com\/product\/yoast-seo-wordpress\/ -->\n<title>DIVERSITY E DISCRIMINAZIONE SUL POSTO DI LAVORO - I partner Valeria Morosini e Aldo Palumbo intervengono alla conferenza annuale della International Bar Association - Toffoletto De Luca Tamajo e Soci<\/title>\n<meta name=\"robots\" content=\"index, follow, max-snippet:-1, max-image-preview:large, max-video-preview:-1\" \/>\n<link rel=\"canonical\" href=\"https:\/\/toffolettodeluca.it\/en\/diversity-e-discriminazione-sul-posto-di-lavoro-i-partner-valeria-morosini-e-aldo-palumbo-intervengono-alla-conferenza-annuale-della-international-bar-association\/\" \/>\n<meta property=\"og:locale\" content=\"en_US\" \/>\n<meta property=\"og:type\" content=\"article\" \/>\n<meta property=\"og:title\" content=\"DIVERSITY E DISCRIMINAZIONE SUL POSTO DI LAVORO - I partner Valeria Morosini e Aldo Palumbo intervengono alla conferenza annuale della International Bar Association - Toffoletto De Luca Tamajo e Soci\" \/>\n<meta property=\"og:description\" content=\"Sydney, 10 ottobre 2017. Gli avvocati Valeria Morosini e Aldo Palumbo , partner dello studio legale Toffoletto De Luca Tamajo, partecipano alla conferenza annuale dell\u2019 International Bar Association , in corso a Sydney fino a venerd\u00ec 13 ottobre. Importante spazio riservato al Discrimination and Equality Law Committee, di cui gli avvocati fanno parte, per approfondire ... Read more\" \/>\n<meta property=\"og:url\" content=\"https:\/\/toffolettodeluca.it\/en\/diversity-e-discriminazione-sul-posto-di-lavoro-i-partner-valeria-morosini-e-aldo-palumbo-intervengono-alla-conferenza-annuale-della-international-bar-association\/\" \/>\n<meta property=\"og:site_name\" content=\"Toffoletto De Luca Tamajo e Soci\" \/>\n<meta property=\"article:published_time\" content=\"2017-10-10T00:00:00+00:00\" \/>\n<meta name=\"author\" content=\"Redazione\" \/>\n<meta name=\"twitter:card\" content=\"summary_large_image\" \/>\n<meta name=\"twitter:label1\" content=\"Written by\" \/>\n\t<meta name=\"twitter:data1\" content=\"Redazione\" \/>\n\t<meta name=\"twitter:label2\" content=\"Est. reading time\" \/>\n\t<meta name=\"twitter:data2\" content=\"1 minute\" \/>\n<script type=\"application\/ld+json\" class=\"yoast-schema-graph\">{\"@context\":\"https:\/\/schema.org\",\"@graph\":[{\"@type\":\"Article\",\"@id\":\"https:\/\/toffolettodeluca.it\/en\/diversity-e-discriminazione-sul-posto-di-lavoro-i-partner-valeria-morosini-e-aldo-palumbo-intervengono-alla-conferenza-annuale-della-international-bar-association\/#article\",\"isPartOf\":{\"@id\":\"https:\/\/toffolettodeluca.it\/en\/diversity-e-discriminazione-sul-posto-di-lavoro-i-partner-valeria-morosini-e-aldo-palumbo-intervengono-alla-conferenza-annuale-della-international-bar-association\/\"},\"author\":{\"name\":\"Redazione\",\"@id\":\"https:\/\/toffolettodeluca.it\/en\/#\/schema\/person\/5af8f8d6da381ab29594446f2f961559\"},\"headline\":\"DIVERSITY E DISCRIMINAZIONE SUL POSTO DI LAVORO &#8211; I partner Valeria Morosini e Aldo Palumbo intervengono alla conferenza annuale della International Bar Association\",\"datePublished\":\"2017-10-10T00:00:00+00:00\",\"mainEntityOfPage\":{\"@id\":\"https:\/\/toffolettodeluca.it\/en\/diversity-e-discriminazione-sul-posto-di-lavoro-i-partner-valeria-morosini-e-aldo-palumbo-intervengono-alla-conferenza-annuale-della-international-bar-association\/\"},\"wordCount\":297,\"publisher\":{\"@id\":\"https:\/\/toffolettodeluca.it\/en\/#organization\"},\"articleSection\":[\"Newsflash &amp; Insights\"],\"inLanguage\":\"en-US\"},{\"@type\":\"WebPage\",\"@id\":\"https:\/\/toffolettodeluca.it\/en\/diversity-e-discriminazione-sul-posto-di-lavoro-i-partner-valeria-morosini-e-aldo-palumbo-intervengono-alla-conferenza-annuale-della-international-bar-association\/\",\"url\":\"https:\/\/toffolettodeluca.it\/en\/diversity-e-discriminazione-sul-posto-di-lavoro-i-partner-valeria-morosini-e-aldo-palumbo-intervengono-alla-conferenza-annuale-della-international-bar-association\/\",\"name\":\"DIVERSITY E DISCRIMINAZIONE SUL POSTO DI LAVORO - I partner Valeria Morosini e Aldo Palumbo intervengono alla conferenza annuale della International Bar Association - Toffoletto De Luca Tamajo e Soci\",\"isPartOf\":{\"@id\":\"https:\/\/toffolettodeluca.it\/en\/#website\"},\"datePublished\":\"2017-10-10T00:00:00+00:00\",\"breadcrumb\":{\"@id\":\"https:\/\/toffolettodeluca.it\/en\/diversity-e-discriminazione-sul-posto-di-lavoro-i-partner-valeria-morosini-e-aldo-palumbo-intervengono-alla-conferenza-annuale-della-international-bar-association\/#breadcrumb\"},\"inLanguage\":\"en-US\",\"potentialAction\":[{\"@type\":\"ReadAction\",\"target\":[\"https:\/\/toffolettodeluca.it\/en\/diversity-e-discriminazione-sul-posto-di-lavoro-i-partner-valeria-morosini-e-aldo-palumbo-intervengono-alla-conferenza-annuale-della-international-bar-association\/\"]}]},{\"@type\":\"BreadcrumbList\",\"@id\":\"https:\/\/toffolettodeluca.it\/en\/diversity-e-discriminazione-sul-posto-di-lavoro-i-partner-valeria-morosini-e-aldo-palumbo-intervengono-alla-conferenza-annuale-della-international-bar-association\/#breadcrumb\",\"itemListElement\":[{\"@type\":\"ListItem\",\"position\":1,\"name\":\"Home\",\"item\":\"https:\/\/toffolettodeluca.it\/en\/\"},{\"@type\":\"ListItem\",\"position\":2,\"name\":\"Learn & Connect\",\"item\":\"https:\/\/toffolettodeluca.it\/en\/learn-connect\/\"},{\"@type\":\"ListItem\",\"position\":3,\"name\":\"Newsflash &amp; Insights\",\"item\":\"https:\/\/toffolettodeluca.it\/en\/category\/newsflash-insight\/\"},{\"@type\":\"ListItem\",\"position\":4,\"name\":\"DIVERSITY E DISCRIMINAZIONE SUL POSTO DI LAVORO &#8211; I partner Valeria Morosini e Aldo Palumbo intervengono alla conferenza annuale della International Bar Association\"}]},{\"@type\":\"WebSite\",\"@id\":\"https:\/\/toffolettodeluca.it\/en\/#website\",\"url\":\"https:\/\/toffolettodeluca.it\/en\/\",\"name\":\"Toffoletto De Luca Tamajo e Soci\",\"description\":\"\",\"publisher\":{\"@id\":\"https:\/\/toffolettodeluca.it\/en\/#organization\"},\"potentialAction\":[{\"@type\":\"SearchAction\",\"target\":{\"@type\":\"EntryPoint\",\"urlTemplate\":\"https:\/\/toffolettodeluca.it\/en\/?s={search_term_string}\"},\"query-input\":{\"@type\":\"PropertyValueSpecification\",\"valueRequired\":true,\"valueName\":\"search_term_string\"}}],\"inLanguage\":\"en-US\"},{\"@type\":\"Organization\",\"@id\":\"https:\/\/toffolettodeluca.it\/en\/#organization\",\"name\":\"Toffoletto De Luca Tamajo e Soci\",\"url\":\"https:\/\/toffolettodeluca.it\/en\/\",\"logo\":{\"@type\":\"ImageObject\",\"inLanguage\":\"en-US\",\"@id\":\"https:\/\/toffolettodeluca.it\/en\/#\/schema\/logo\/image\/\",\"url\":\"https:\/\/toffolettodeluca.it\/wp-content\/uploads\/2025\/04\/logo_100anni.svg\",\"contentUrl\":\"https:\/\/toffolettodeluca.it\/wp-content\/uploads\/2025\/04\/logo_100anni.svg\",\"caption\":\"Toffoletto De Luca Tamajo e Soci\"},\"image\":{\"@id\":\"https:\/\/toffolettodeluca.it\/en\/#\/schema\/logo\/image\/\"}},{\"@type\":\"Person\",\"@id\":\"https:\/\/toffolettodeluca.it\/en\/#\/schema\/person\/5af8f8d6da381ab29594446f2f961559\",\"name\":\"Redazione\",\"image\":{\"@type\":\"ImageObject\",\"inLanguage\":\"en-US\",\"@id\":\"https:\/\/toffolettodeluca.it\/en\/#\/schema\/person\/image\/\",\"url\":\"https:\/\/secure.gravatar.com\/avatar\/8185611aa32d596559515f3a5b9b81ac5e1c4ca55d57079dc140388ca8946e36?s=96&d=mm&r=g\",\"contentUrl\":\"https:\/\/secure.gravatar.com\/avatar\/8185611aa32d596559515f3a5b9b81ac5e1c4ca55d57079dc140388ca8946e36?s=96&d=mm&r=g\",\"caption\":\"Redazione\"},\"url\":\"https:\/\/toffolettodeluca.it\/en\/author\/redazione\/\"}]}<\/script>\n<!-- \/ Yoast SEO plugin. -->","yoast_head_json":{"title":"DIVERSITY E DISCRIMINAZIONE SUL POSTO DI LAVORO - I partner Valeria Morosini e Aldo Palumbo intervengono alla conferenza annuale della International Bar Association - Toffoletto De Luca Tamajo e Soci","robots":{"index":"index","follow":"follow","max-snippet":"max-snippet:-1","max-image-preview":"max-image-preview:large","max-video-preview":"max-video-preview:-1"},"canonical":"https:\/\/toffolettodeluca.it\/en\/diversity-e-discriminazione-sul-posto-di-lavoro-i-partner-valeria-morosini-e-aldo-palumbo-intervengono-alla-conferenza-annuale-della-international-bar-association\/","og_locale":"en_US","og_type":"article","og_title":"DIVERSITY E DISCRIMINAZIONE SUL POSTO DI LAVORO - I partner Valeria Morosini e Aldo Palumbo intervengono alla conferenza annuale della International Bar Association - Toffoletto De Luca Tamajo e Soci","og_description":"Sydney, 10 ottobre 2017. Gli avvocati Valeria Morosini e Aldo Palumbo , partner dello studio legale Toffoletto De Luca Tamajo, partecipano alla conferenza annuale dell\u2019 International Bar Association , in corso a Sydney fino a venerd\u00ec 13 ottobre. Importante spazio riservato al Discrimination and Equality Law Committee, di cui gli avvocati fanno parte, per approfondire ... Read more","og_url":"https:\/\/toffolettodeluca.it\/en\/diversity-e-discriminazione-sul-posto-di-lavoro-i-partner-valeria-morosini-e-aldo-palumbo-intervengono-alla-conferenza-annuale-della-international-bar-association\/","og_site_name":"Toffoletto De Luca Tamajo e Soci","article_published_time":"2017-10-10T00:00:00+00:00","author":"Redazione","twitter_card":"summary_large_image","twitter_misc":{"Written by":"Redazione","Est. reading time":"1 minute"},"schema":{"@context":"https:\/\/schema.org","@graph":[{"@type":"Article","@id":"https:\/\/toffolettodeluca.it\/en\/diversity-e-discriminazione-sul-posto-di-lavoro-i-partner-valeria-morosini-e-aldo-palumbo-intervengono-alla-conferenza-annuale-della-international-bar-association\/#article","isPartOf":{"@id":"https:\/\/toffolettodeluca.it\/en\/diversity-e-discriminazione-sul-posto-di-lavoro-i-partner-valeria-morosini-e-aldo-palumbo-intervengono-alla-conferenza-annuale-della-international-bar-association\/"},"author":{"name":"Redazione","@id":"https:\/\/toffolettodeluca.it\/en\/#\/schema\/person\/5af8f8d6da381ab29594446f2f961559"},"headline":"DIVERSITY E DISCRIMINAZIONE SUL POSTO DI LAVORO &#8211; I partner Valeria Morosini e Aldo Palumbo intervengono alla conferenza annuale della International Bar Association","datePublished":"2017-10-10T00:00:00+00:00","mainEntityOfPage":{"@id":"https:\/\/toffolettodeluca.it\/en\/diversity-e-discriminazione-sul-posto-di-lavoro-i-partner-valeria-morosini-e-aldo-palumbo-intervengono-alla-conferenza-annuale-della-international-bar-association\/"},"wordCount":297,"publisher":{"@id":"https:\/\/toffolettodeluca.it\/en\/#organization"},"articleSection":["Newsflash &amp; Insights"],"inLanguage":"en-US"},{"@type":"WebPage","@id":"https:\/\/toffolettodeluca.it\/en\/diversity-e-discriminazione-sul-posto-di-lavoro-i-partner-valeria-morosini-e-aldo-palumbo-intervengono-alla-conferenza-annuale-della-international-bar-association\/","url":"https:\/\/toffolettodeluca.it\/en\/diversity-e-discriminazione-sul-posto-di-lavoro-i-partner-valeria-morosini-e-aldo-palumbo-intervengono-alla-conferenza-annuale-della-international-bar-association\/","name":"DIVERSITY E DISCRIMINAZIONE SUL POSTO DI LAVORO - I partner Valeria Morosini e Aldo Palumbo intervengono alla conferenza annuale della International Bar Association - Toffoletto De Luca Tamajo e Soci","isPartOf":{"@id":"https:\/\/toffolettodeluca.it\/en\/#website"},"datePublished":"2017-10-10T00:00:00+00:00","breadcrumb":{"@id":"https:\/\/toffolettodeluca.it\/en\/diversity-e-discriminazione-sul-posto-di-lavoro-i-partner-valeria-morosini-e-aldo-palumbo-intervengono-alla-conferenza-annuale-della-international-bar-association\/#breadcrumb"},"inLanguage":"en-US","potentialAction":[{"@type":"ReadAction","target":["https:\/\/toffolettodeluca.it\/en\/diversity-e-discriminazione-sul-posto-di-lavoro-i-partner-valeria-morosini-e-aldo-palumbo-intervengono-alla-conferenza-annuale-della-international-bar-association\/"]}]},{"@type":"BreadcrumbList","@id":"https:\/\/toffolettodeluca.it\/en\/diversity-e-discriminazione-sul-posto-di-lavoro-i-partner-valeria-morosini-e-aldo-palumbo-intervengono-alla-conferenza-annuale-della-international-bar-association\/#breadcrumb","itemListElement":[{"@type":"ListItem","position":1,"name":"Home","item":"https:\/\/toffolettodeluca.it\/en\/"},{"@type":"ListItem","position":2,"name":"Learn & Connect","item":"https:\/\/toffolettodeluca.it\/en\/learn-connect\/"},{"@type":"ListItem","position":3,"name":"Newsflash &amp; Insights","item":"https:\/\/toffolettodeluca.it\/en\/category\/newsflash-insight\/"},{"@type":"ListItem","position":4,"name":"DIVERSITY E DISCRIMINAZIONE SUL POSTO DI LAVORO &#8211; I partner Valeria Morosini e Aldo Palumbo intervengono alla conferenza annuale della International Bar Association"}]},{"@type":"WebSite","@id":"https:\/\/toffolettodeluca.it\/en\/#website","url":"https:\/\/toffolettodeluca.it\/en\/","name":"Toffoletto De Luca Tamajo e Soci","description":"","publisher":{"@id":"https:\/\/toffolettodeluca.it\/en\/#organization"},"potentialAction":[{"@type":"SearchAction","target":{"@type":"EntryPoint","urlTemplate":"https:\/\/toffolettodeluca.it\/en\/?s={search_term_string}"},"query-input":{"@type":"PropertyValueSpecification","valueRequired":true,"valueName":"search_term_string"}}],"inLanguage":"en-US"},{"@type":"Organization","@id":"https:\/\/toffolettodeluca.it\/en\/#organization","name":"Toffoletto De Luca Tamajo e Soci","url":"https:\/\/toffolettodeluca.it\/en\/","logo":{"@type":"ImageObject","inLanguage":"en-US","@id":"https:\/\/toffolettodeluca.it\/en\/#\/schema\/logo\/image\/","url":"https:\/\/toffolettodeluca.it\/wp-content\/uploads\/2025\/04\/logo_100anni.svg","contentUrl":"https:\/\/toffolettodeluca.it\/wp-content\/uploads\/2025\/04\/logo_100anni.svg","caption":"Toffoletto De Luca Tamajo e Soci"},"image":{"@id":"https:\/\/toffolettodeluca.it\/en\/#\/schema\/logo\/image\/"}},{"@type":"Person","@id":"https:\/\/toffolettodeluca.it\/en\/#\/schema\/person\/5af8f8d6da381ab29594446f2f961559","name":"Redazione","image":{"@type":"ImageObject","inLanguage":"en-US","@id":"https:\/\/toffolettodeluca.it\/en\/#\/schema\/person\/image\/","url":"https:\/\/secure.gravatar.com\/avatar\/8185611aa32d596559515f3a5b9b81ac5e1c4ca55d57079dc140388ca8946e36?s=96&d=mm&r=g","contentUrl":"https:\/\/secure.gravatar.com\/avatar\/8185611aa32d596559515f3a5b9b81ac5e1c4ca55d57079dc140388ca8946e36?s=96&d=mm&r=g","caption":"Redazione"},"url":"https:\/\/toffolettodeluca.it\/en\/author\/redazione\/"}]}},"modified_by":null,"_links":{"self":[{"href":"https:\/\/toffolettodeluca.it\/en\/wp-json\/wp\/v2\/posts\/3096","targetHints":{"allow":["GET"]}}],"collection":[{"href":"https:\/\/toffolettodeluca.it\/en\/wp-json\/wp\/v2\/posts"}],"about":[{"href":"https:\/\/toffolettodeluca.it\/en\/wp-json\/wp\/v2\/types\/post"}],"author":[{"embeddable":true,"href":"https:\/\/toffolettodeluca.it\/en\/wp-json\/wp\/v2\/users\/25"}],"replies":[{"embeddable":true,"href":"https:\/\/toffolettodeluca.it\/en\/wp-json\/wp\/v2\/comments?post=3096"}],"version-history":[{"count":0,"href":"https:\/\/toffolettodeluca.it\/en\/wp-json\/wp\/v2\/posts\/3096\/revisions"}],"wp:attachment":[{"href":"https:\/\/toffolettodeluca.it\/en\/wp-json\/wp\/v2\/media?parent=3096"}],"wp:term":[{"taxonomy":"category","embeddable":true,"href":"https:\/\/toffolettodeluca.it\/en\/wp-json\/wp\/v2\/categories?post=3096"},{"taxonomy":"post_tag","embeddable":true,"href":"https:\/\/toffolettodeluca.it\/en\/wp-json\/wp\/v2\/tags?post=3096"}],"curies":[{"name":"wp","href":"https:\/\/api.w.org\/{rel}","templated":true}]}}