{"id":3204,"date":"2016-04-14T00:00:00","date_gmt":"2016-04-14T00:00:00","guid":{"rendered":"https:\/\/toffolettodeluca.it\/\/toffoletto-de-luca-tamajo-e-soci-at-the-international-bar-association-annual-conference-2\/"},"modified":"2016-04-14T00:00:00","modified_gmt":"2016-04-14T00:00:00","slug":"toffoletto-de-luca-tamajo-e-soci-at-the-international-bar-association-annual-conference-2","status":"publish","type":"post","link":"https:\/\/toffolettodeluca.it\/en\/toffoletto-de-luca-tamajo-e-soci-at-the-international-bar-association-annual-conference-2\/","title":{"rendered":"TOFFOLETTO DE LUCA TAMAJO E SOCI AT THE INTERNATIONAL BAR ASSOCIATION ANNUAL CONFERENCE"},"content":{"rendered":"<h4>I partner Valeria Morosini e Donatella Cungi interverranno su\u00a0Global pay and benefits e Employment quotas for minorities<\/h4>\n<p>Gli avvocati <strong>Valeria Morosini <\/strong>e <strong>Donatella Cungi,<\/strong> partner dello studio legale Toffoletto De Luca Tamajo e Soci, partecipano alla conferenza annuale dell\u2019International Bar Association che si tiene a Citt\u00e0 del Messico il 14 e 15 aprile 2016.\u00a0<\/p>\n<p>L\u2019Avvocato Valeria Morosini, Officer del Discrimination and Equality Law Committee di IBA, sar\u00e0 moderatrice della sessione \u00abGlobal pay and benefits during a time of increased financial accountability and growing income inequality\u00bb, in cui verranno esaminati i recenti trends in materia di politiche retributive a livello globale. Contribuiranno al panel da lei moderato, relatori provenienti dai principali hubs finanziari del mondo: Londra, New York, Zurigo, Tokyo e Mexico City. Verranno discusse le esperienze concrete e le \u00a0soluzioni adottate dai datori di lavoro, nei diversi contesti legislativi e regolamentari, per far fronte alle nuove limitazioni imposte ai compensi del top management, in particolare nel settore finanziario.<\/p>\n<p>L\u2019Avvocato Donatella Cungi \u00e8, invece, tra i relatori dell\u2019incontro \u00abEmployment quotas for minorities (and majorities) \u2013 are they the right way to solve discrimination and succeed with affirmative action?\u00bb, in cui si approfondir\u00e0 la pratica delle \u201cquote rosa\u201d messa in atto da alcuni Paesi per favorire l\u2019ingresso delle donne nei board, l\u2019efficacia di questi strumenti e la potenziale applicazione anche per altre forme di minorities, come la gender o la disability discrimination.\u00a0<\/p>\n<p>\u00abStiamo vivendo in un\u2019epoca di cambiamenti molto intensi e molto veloci &#8211; commenta l\u2019avvocato Cungi -, soprattutto nel mondo del lavoro. Arriver\u00e0 il momento in cui si guarder\u00e0 ad una classe dirigente per valutarla serenamente, indipendentemente dal fatto che sia fatta da uomini o donne. Per adesso, nonostante una mia iniziale riluttanza, devo ammettere che forzare il sistema imponendo delle quote di genere ha dato un risultato: le persone hanno cominciato a lavorare assieme iniziando ad apprezzarsi per le rispettive competenze e originando cos\u00ec un circolo virtuoso. Il confronto su questo tema coinvolger\u00e0 oltre 15 Paesi, a dimostrazione del fatto che la questione \u00e8 molto attuale, a livello globale.\u00bb<\/p>\n<p>La IBA Annual Employment and Discrimination Law Conference 2016 vede tra I propri sponsor anche Ius Laboris, la pi\u00f9 grande Alleanza mondiale di specialisti in diritto del lavoro che Toffoletto De Luca Tamajo e Soci ha contribuito a formare nel 2001, e che conta 1.400 professionisti con una presenza in 49 Paesi e oltre 160 citt\u00e0 nel mondo.<\/p>\n","protected":false},"excerpt":{"rendered":"<p>I partner Valeria Morosini e Donatella Cungi interverranno su\u00a0Global pay and benefits e Employment quotas for minorities Gli avvocati Valeria Morosini e Donatella Cungi, partner dello studio legale Toffoletto De Luca Tamajo e Soci, partecipano alla conferenza annuale dell\u2019International Bar Association che si tiene a Citt\u00e0 del Messico il 14 e 15 aprile 2016.\u00a0 L\u2019Avvocato &#8230; <a title=\"TOFFOLETTO DE LUCA TAMAJO E SOCI AT THE INTERNATIONAL BAR ASSOCIATION ANNUAL CONFERENCE\" class=\"read-more\" href=\"https:\/\/toffolettodeluca.it\/en\/toffoletto-de-luca-tamajo-e-soci-at-the-international-bar-association-annual-conference-2\/\" aria-label=\"Read more about TOFFOLETTO DE LUCA TAMAJO E SOCI AT THE INTERNATIONAL BAR ASSOCIATION ANNUAL CONFERENCE\">Read more<\/a><\/p>\n","protected":false},"author":25,"featured_media":0,"comment_status":"closed","ping_status":"closed","sticky":false,"template":"","format":"standard","meta":{"_acf_changed":false,"content-type":"","_lmt_disableupdate":"","_lmt_disable":"","footnotes":""},"categories":[21],"tags":[],"class_list":["post-3204","post","type-post","status-publish","format-standard","hentry","category-newsflash-insight"],"acf":[],"yoast_head":"<!-- This site is optimized with the Yoast SEO plugin v27.1.1 - https:\/\/yoast.com\/product\/yoast-seo-wordpress\/ -->\n<title>TOFFOLETTO DE LUCA TAMAJO E SOCI AT THE INTERNATIONAL BAR ASSOCIATION ANNUAL CONFERENCE - Toffoletto De Luca Tamajo e Soci<\/title>\n<meta name=\"robots\" content=\"index, follow, max-snippet:-1, max-image-preview:large, max-video-preview:-1\" \/>\n<link rel=\"canonical\" href=\"https:\/\/toffolettodeluca.it\/en\/toffoletto-de-luca-tamajo-e-soci-at-the-international-bar-association-annual-conference-2\/\" \/>\n<meta property=\"og:locale\" content=\"en_US\" \/>\n<meta property=\"og:type\" content=\"article\" \/>\n<meta property=\"og:title\" content=\"TOFFOLETTO DE LUCA TAMAJO E SOCI AT THE INTERNATIONAL BAR ASSOCIATION ANNUAL CONFERENCE - Toffoletto De Luca Tamajo e Soci\" \/>\n<meta property=\"og:description\" content=\"I partner Valeria Morosini e Donatella Cungi interverranno su\u00a0Global pay and benefits e Employment quotas for minorities Gli avvocati Valeria Morosini e Donatella Cungi, partner dello studio legale Toffoletto De Luca Tamajo e Soci, partecipano alla conferenza annuale dell\u2019International Bar Association che si tiene a Citt\u00e0 del Messico il 14 e 15 aprile 2016.\u00a0 L\u2019Avvocato ... Read more\" \/>\n<meta property=\"og:url\" content=\"https:\/\/toffolettodeluca.it\/en\/toffoletto-de-luca-tamajo-e-soci-at-the-international-bar-association-annual-conference-2\/\" \/>\n<meta property=\"og:site_name\" content=\"Toffoletto De Luca Tamajo e Soci\" \/>\n<meta property=\"article:published_time\" content=\"2016-04-14T00:00:00+00:00\" \/>\n<meta name=\"author\" content=\"Redazione\" \/>\n<meta name=\"twitter:card\" content=\"summary_large_image\" \/>\n<meta name=\"twitter:label1\" content=\"Written by\" \/>\n\t<meta name=\"twitter:data1\" content=\"Redazione\" \/>\n\t<meta name=\"twitter:label2\" content=\"Est. reading time\" \/>\n\t<meta name=\"twitter:data2\" content=\"2 minutes\" \/>\n<script type=\"application\/ld+json\" class=\"yoast-schema-graph\">{\"@context\":\"https:\/\/schema.org\",\"@graph\":[{\"@type\":\"Article\",\"@id\":\"https:\/\/toffolettodeluca.it\/en\/toffoletto-de-luca-tamajo-e-soci-at-the-international-bar-association-annual-conference-2\/#article\",\"isPartOf\":{\"@id\":\"https:\/\/toffolettodeluca.it\/en\/toffoletto-de-luca-tamajo-e-soci-at-the-international-bar-association-annual-conference-2\/\"},\"author\":{\"name\":\"Redazione\",\"@id\":\"https:\/\/toffolettodeluca.it\/en\/#\/schema\/person\/5af8f8d6da381ab29594446f2f961559\"},\"headline\":\"TOFFOLETTO DE LUCA TAMAJO E SOCI AT THE INTERNATIONAL BAR ASSOCIATION ANNUAL CONFERENCE\",\"datePublished\":\"2016-04-14T00:00:00+00:00\",\"mainEntityOfPage\":{\"@id\":\"https:\/\/toffolettodeluca.it\/en\/toffoletto-de-luca-tamajo-e-soci-at-the-international-bar-association-annual-conference-2\/\"},\"wordCount\":407,\"publisher\":{\"@id\":\"https:\/\/toffolettodeluca.it\/en\/#organization\"},\"articleSection\":[\"Newsflash &amp; Insights\"],\"inLanguage\":\"en-US\"},{\"@type\":\"WebPage\",\"@id\":\"https:\/\/toffolettodeluca.it\/en\/toffoletto-de-luca-tamajo-e-soci-at-the-international-bar-association-annual-conference-2\/\",\"url\":\"https:\/\/toffolettodeluca.it\/en\/toffoletto-de-luca-tamajo-e-soci-at-the-international-bar-association-annual-conference-2\/\",\"name\":\"TOFFOLETTO DE LUCA TAMAJO E SOCI AT THE INTERNATIONAL BAR ASSOCIATION ANNUAL CONFERENCE - Toffoletto De Luca Tamajo e Soci\",\"isPartOf\":{\"@id\":\"https:\/\/toffolettodeluca.it\/en\/#website\"},\"datePublished\":\"2016-04-14T00:00:00+00:00\",\"breadcrumb\":{\"@id\":\"https:\/\/toffolettodeluca.it\/en\/toffoletto-de-luca-tamajo-e-soci-at-the-international-bar-association-annual-conference-2\/#breadcrumb\"},\"inLanguage\":\"en-US\",\"potentialAction\":[{\"@type\":\"ReadAction\",\"target\":[\"https:\/\/toffolettodeluca.it\/en\/toffoletto-de-luca-tamajo-e-soci-at-the-international-bar-association-annual-conference-2\/\"]}]},{\"@type\":\"BreadcrumbList\",\"@id\":\"https:\/\/toffolettodeluca.it\/en\/toffoletto-de-luca-tamajo-e-soci-at-the-international-bar-association-annual-conference-2\/#breadcrumb\",\"itemListElement\":[{\"@type\":\"ListItem\",\"position\":1,\"name\":\"Home\",\"item\":\"https:\/\/toffolettodeluca.it\/en\/\"},{\"@type\":\"ListItem\",\"position\":2,\"name\":\"Learn & Connect\",\"item\":\"https:\/\/toffolettodeluca.it\/en\/learn-connect\/\"},{\"@type\":\"ListItem\",\"position\":3,\"name\":\"Newsflash &amp; Insights\",\"item\":\"https:\/\/toffolettodeluca.it\/en\/category\/newsflash-insight\/\"},{\"@type\":\"ListItem\",\"position\":4,\"name\":\"TOFFOLETTO DE LUCA TAMAJO E SOCI AT THE INTERNATIONAL BAR ASSOCIATION ANNUAL CONFERENCE\"}]},{\"@type\":\"WebSite\",\"@id\":\"https:\/\/toffolettodeluca.it\/en\/#website\",\"url\":\"https:\/\/toffolettodeluca.it\/en\/\",\"name\":\"Toffoletto De Luca Tamajo e Soci\",\"description\":\"\",\"publisher\":{\"@id\":\"https:\/\/toffolettodeluca.it\/en\/#organization\"},\"potentialAction\":[{\"@type\":\"SearchAction\",\"target\":{\"@type\":\"EntryPoint\",\"urlTemplate\":\"https:\/\/toffolettodeluca.it\/en\/?s={search_term_string}\"},\"query-input\":{\"@type\":\"PropertyValueSpecification\",\"valueRequired\":true,\"valueName\":\"search_term_string\"}}],\"inLanguage\":\"en-US\"},{\"@type\":\"Organization\",\"@id\":\"https:\/\/toffolettodeluca.it\/en\/#organization\",\"name\":\"Toffoletto De Luca Tamajo e Soci\",\"url\":\"https:\/\/toffolettodeluca.it\/en\/\",\"logo\":{\"@type\":\"ImageObject\",\"inLanguage\":\"en-US\",\"@id\":\"https:\/\/toffolettodeluca.it\/en\/#\/schema\/logo\/image\/\",\"url\":\"https:\/\/toffolettodeluca.it\/wp-content\/uploads\/2025\/04\/logo_100anni.svg\",\"contentUrl\":\"https:\/\/toffolettodeluca.it\/wp-content\/uploads\/2025\/04\/logo_100anni.svg\",\"caption\":\"Toffoletto De Luca Tamajo e Soci\"},\"image\":{\"@id\":\"https:\/\/toffolettodeluca.it\/en\/#\/schema\/logo\/image\/\"}},{\"@type\":\"Person\",\"@id\":\"https:\/\/toffolettodeluca.it\/en\/#\/schema\/person\/5af8f8d6da381ab29594446f2f961559\",\"name\":\"Redazione\",\"image\":{\"@type\":\"ImageObject\",\"inLanguage\":\"en-US\",\"@id\":\"https:\/\/toffolettodeluca.it\/en\/#\/schema\/person\/image\/\",\"url\":\"https:\/\/secure.gravatar.com\/avatar\/8185611aa32d596559515f3a5b9b81ac5e1c4ca55d57079dc140388ca8946e36?s=96&d=mm&r=g\",\"contentUrl\":\"https:\/\/secure.gravatar.com\/avatar\/8185611aa32d596559515f3a5b9b81ac5e1c4ca55d57079dc140388ca8946e36?s=96&d=mm&r=g\",\"caption\":\"Redazione\"},\"url\":\"https:\/\/toffolettodeluca.it\/en\/author\/redazione\/\"}]}<\/script>\n<!-- \/ Yoast SEO plugin. -->","yoast_head_json":{"title":"TOFFOLETTO DE LUCA TAMAJO E SOCI AT THE INTERNATIONAL BAR ASSOCIATION ANNUAL CONFERENCE - Toffoletto De Luca Tamajo e Soci","robots":{"index":"index","follow":"follow","max-snippet":"max-snippet:-1","max-image-preview":"max-image-preview:large","max-video-preview":"max-video-preview:-1"},"canonical":"https:\/\/toffolettodeluca.it\/en\/toffoletto-de-luca-tamajo-e-soci-at-the-international-bar-association-annual-conference-2\/","og_locale":"en_US","og_type":"article","og_title":"TOFFOLETTO DE LUCA TAMAJO E SOCI AT THE INTERNATIONAL BAR ASSOCIATION ANNUAL CONFERENCE - Toffoletto De Luca Tamajo e Soci","og_description":"I partner Valeria Morosini e Donatella Cungi interverranno su\u00a0Global pay and benefits e Employment quotas for minorities Gli avvocati Valeria Morosini e Donatella Cungi, partner dello studio legale Toffoletto De Luca Tamajo e Soci, partecipano alla conferenza annuale dell\u2019International Bar Association che si tiene a Citt\u00e0 del Messico il 14 e 15 aprile 2016.\u00a0 L\u2019Avvocato ... Read more","og_url":"https:\/\/toffolettodeluca.it\/en\/toffoletto-de-luca-tamajo-e-soci-at-the-international-bar-association-annual-conference-2\/","og_site_name":"Toffoletto De Luca Tamajo e Soci","article_published_time":"2016-04-14T00:00:00+00:00","author":"Redazione","twitter_card":"summary_large_image","twitter_misc":{"Written by":"Redazione","Est. reading time":"2 minutes"},"schema":{"@context":"https:\/\/schema.org","@graph":[{"@type":"Article","@id":"https:\/\/toffolettodeluca.it\/en\/toffoletto-de-luca-tamajo-e-soci-at-the-international-bar-association-annual-conference-2\/#article","isPartOf":{"@id":"https:\/\/toffolettodeluca.it\/en\/toffoletto-de-luca-tamajo-e-soci-at-the-international-bar-association-annual-conference-2\/"},"author":{"name":"Redazione","@id":"https:\/\/toffolettodeluca.it\/en\/#\/schema\/person\/5af8f8d6da381ab29594446f2f961559"},"headline":"TOFFOLETTO DE LUCA TAMAJO E SOCI AT THE INTERNATIONAL BAR ASSOCIATION ANNUAL CONFERENCE","datePublished":"2016-04-14T00:00:00+00:00","mainEntityOfPage":{"@id":"https:\/\/toffolettodeluca.it\/en\/toffoletto-de-luca-tamajo-e-soci-at-the-international-bar-association-annual-conference-2\/"},"wordCount":407,"publisher":{"@id":"https:\/\/toffolettodeluca.it\/en\/#organization"},"articleSection":["Newsflash &amp; Insights"],"inLanguage":"en-US"},{"@type":"WebPage","@id":"https:\/\/toffolettodeluca.it\/en\/toffoletto-de-luca-tamajo-e-soci-at-the-international-bar-association-annual-conference-2\/","url":"https:\/\/toffolettodeluca.it\/en\/toffoletto-de-luca-tamajo-e-soci-at-the-international-bar-association-annual-conference-2\/","name":"TOFFOLETTO DE LUCA TAMAJO E SOCI AT THE INTERNATIONAL BAR ASSOCIATION ANNUAL CONFERENCE - Toffoletto De Luca Tamajo e Soci","isPartOf":{"@id":"https:\/\/toffolettodeluca.it\/en\/#website"},"datePublished":"2016-04-14T00:00:00+00:00","breadcrumb":{"@id":"https:\/\/toffolettodeluca.it\/en\/toffoletto-de-luca-tamajo-e-soci-at-the-international-bar-association-annual-conference-2\/#breadcrumb"},"inLanguage":"en-US","potentialAction":[{"@type":"ReadAction","target":["https:\/\/toffolettodeluca.it\/en\/toffoletto-de-luca-tamajo-e-soci-at-the-international-bar-association-annual-conference-2\/"]}]},{"@type":"BreadcrumbList","@id":"https:\/\/toffolettodeluca.it\/en\/toffoletto-de-luca-tamajo-e-soci-at-the-international-bar-association-annual-conference-2\/#breadcrumb","itemListElement":[{"@type":"ListItem","position":1,"name":"Home","item":"https:\/\/toffolettodeluca.it\/en\/"},{"@type":"ListItem","position":2,"name":"Learn & Connect","item":"https:\/\/toffolettodeluca.it\/en\/learn-connect\/"},{"@type":"ListItem","position":3,"name":"Newsflash &amp; Insights","item":"https:\/\/toffolettodeluca.it\/en\/category\/newsflash-insight\/"},{"@type":"ListItem","position":4,"name":"TOFFOLETTO DE LUCA TAMAJO E SOCI AT THE INTERNATIONAL BAR ASSOCIATION ANNUAL CONFERENCE"}]},{"@type":"WebSite","@id":"https:\/\/toffolettodeluca.it\/en\/#website","url":"https:\/\/toffolettodeluca.it\/en\/","name":"Toffoletto De Luca Tamajo e Soci","description":"","publisher":{"@id":"https:\/\/toffolettodeluca.it\/en\/#organization"},"potentialAction":[{"@type":"SearchAction","target":{"@type":"EntryPoint","urlTemplate":"https:\/\/toffolettodeluca.it\/en\/?s={search_term_string}"},"query-input":{"@type":"PropertyValueSpecification","valueRequired":true,"valueName":"search_term_string"}}],"inLanguage":"en-US"},{"@type":"Organization","@id":"https:\/\/toffolettodeluca.it\/en\/#organization","name":"Toffoletto De Luca Tamajo e Soci","url":"https:\/\/toffolettodeluca.it\/en\/","logo":{"@type":"ImageObject","inLanguage":"en-US","@id":"https:\/\/toffolettodeluca.it\/en\/#\/schema\/logo\/image\/","url":"https:\/\/toffolettodeluca.it\/wp-content\/uploads\/2025\/04\/logo_100anni.svg","contentUrl":"https:\/\/toffolettodeluca.it\/wp-content\/uploads\/2025\/04\/logo_100anni.svg","caption":"Toffoletto De Luca Tamajo e Soci"},"image":{"@id":"https:\/\/toffolettodeluca.it\/en\/#\/schema\/logo\/image\/"}},{"@type":"Person","@id":"https:\/\/toffolettodeluca.it\/en\/#\/schema\/person\/5af8f8d6da381ab29594446f2f961559","name":"Redazione","image":{"@type":"ImageObject","inLanguage":"en-US","@id":"https:\/\/toffolettodeluca.it\/en\/#\/schema\/person\/image\/","url":"https:\/\/secure.gravatar.com\/avatar\/8185611aa32d596559515f3a5b9b81ac5e1c4ca55d57079dc140388ca8946e36?s=96&d=mm&r=g","contentUrl":"https:\/\/secure.gravatar.com\/avatar\/8185611aa32d596559515f3a5b9b81ac5e1c4ca55d57079dc140388ca8946e36?s=96&d=mm&r=g","caption":"Redazione"},"url":"https:\/\/toffolettodeluca.it\/en\/author\/redazione\/"}]}},"modified_by":null,"_links":{"self":[{"href":"https:\/\/toffolettodeluca.it\/en\/wp-json\/wp\/v2\/posts\/3204","targetHints":{"allow":["GET"]}}],"collection":[{"href":"https:\/\/toffolettodeluca.it\/en\/wp-json\/wp\/v2\/posts"}],"about":[{"href":"https:\/\/toffolettodeluca.it\/en\/wp-json\/wp\/v2\/types\/post"}],"author":[{"embeddable":true,"href":"https:\/\/toffolettodeluca.it\/en\/wp-json\/wp\/v2\/users\/25"}],"replies":[{"embeddable":true,"href":"https:\/\/toffolettodeluca.it\/en\/wp-json\/wp\/v2\/comments?post=3204"}],"version-history":[{"count":0,"href":"https:\/\/toffolettodeluca.it\/en\/wp-json\/wp\/v2\/posts\/3204\/revisions"}],"wp:attachment":[{"href":"https:\/\/toffolettodeluca.it\/en\/wp-json\/wp\/v2\/media?parent=3204"}],"wp:term":[{"taxonomy":"category","embeddable":true,"href":"https:\/\/toffolettodeluca.it\/en\/wp-json\/wp\/v2\/categories?post=3204"},{"taxonomy":"post_tag","embeddable":true,"href":"https:\/\/toffolettodeluca.it\/en\/wp-json\/wp\/v2\/tags?post=3204"}],"curies":[{"name":"wp","href":"https:\/\/api.w.org\/{rel}","templated":true}]}}