{"id":3259,"date":"2019-07-08T00:00:00","date_gmt":"2019-07-08T00:00:00","guid":{"rendered":"https:\/\/toffolettodeluca.it\/\/un-nuovo-scivolo-pensionistico-nel-contratto-di-espansione-nel-decreto-crescita\/"},"modified":"2019-07-08T00:00:00","modified_gmt":"2019-07-08T00:00:00","slug":"un-nuovo-scivolo-pensionistico-nel-contratto-di-espansione-nel-decreto-crescita","status":"publish","type":"post","link":"https:\/\/toffolettodeluca.it\/en\/un-nuovo-scivolo-pensionistico-nel-contratto-di-espansione-nel-decreto-crescita\/","title":{"rendered":"Un nuovo scivolo pensionistico  nel contratto di espansione nel decreto crescita"},"content":{"rendered":"<p>Con la L. 28 giugno 2019 n. 58 \u00e8 stato convertito in legge il D.L. 30 aprile 2019 n. 34. La nuova normativa (art. 26 quater D.L. 34\/2019 come conv. in legge) sostituisce, tra l\u2019altro, l\u2019art. 41 del D.lgs. 14 settembre 2015 n.148, modificando, dunque, la disciplina del c.d. contratto di solidariet\u00e0 espansiva, ammortizzatore sociale finalizzato ad agevolare nuove assunzioni.<\/p>\n<p>In particolare, le imprese con un organico superiore a 1000 unit\u00e0 lavorative possono stipulare un contratto di espansione con il Ministero del lavoro e delle politiche sociali e con le associazioni sindacali pi\u00f9 rappresentative, previo espletamento della procedura di consultazione sindacale prevista per la Cassa Integrazione Guadagni Straordinaria.<\/p>\n<p>Tale possibilit\u00e0 \u00e8 introdotta in via sperimentale per gli anni 2019 e 2020 ed \u00e8 realizzabile solo nell\u2019ambito di un processo di reindustrializzazione e riorganizzazione, che comporti una modifica strutturale dei processi aziendali, nonch\u00e9 la conseguente esigenza di modificare le competenze professionali in organico e prevedendo, in ogni caso, l\u2019assunzione di nuove professionalit\u00e0.<\/p>\n<p>Il contratto di espansione ha natura gestionale e deve contenere:<\/p>\n<ul>\n<li>il numero di lavoratori da assumere e l\u2019indicazione dei relativi profili professionali compatibili con il piano di reindustrializzazione;<\/li>\n<li>la programmazione temporale delle assunzioni;<\/li>\n<li>l\u2019indicazione della durata a tempo indeterminato dei contratti di lavoro, compreso il contratto di apprendistato professionalizzante;<\/li>\n<li>relativamente alle professionalit\u00e0 in organico, la riduzione complessiva media dell\u2019orario di lavoro e il numero dei lavoratori interessati, nonch\u00e9 il numero di lavoratori che possono accedere allo scivolo pensionistico (di seguito descritto).<\/li>\n<\/ul>\n<p>L\u2019intervento straordinario di integrazione salariale relativo a tale processo pu\u00f2 essere richiesto per un periodo non superiore a 18 mesi, anche non continuativi.<\/p>\n<p>Parte integrante del contratto di espansione \u00e8 il progetto di formazione e di riqualificazione, che deve contenere le misure idonee a garantire l\u2019effettivit\u00e0 della formazione affinch\u00e9 il prestatore consegua le competenze tecniche necessarie per lo svolgimento della mansione a cui sar\u00e0 adibito.<\/p>\n<p>Nell\u2019ambito del contratto di espansione \u00e8 possibile prevedere un nuovo scivolo pensionistico.\u00a0 I datori di lavoro, infatti, possono riconoscere ai lavoratori che si trovino a non pi\u00f9 di 60 mesi dal conseguimento del diritto alla pensione di vecchiaia, che abbiano maturato il requisito minimo contributivo (20 anni di contributi), o dal conseguimento del diritto alla pensione anticipata un\u2019indennit\u00e0 mensile fino al raggiungimento del primo diritto a pensione. Il lavoratore deve prestare il proprio consenso scritto.<\/p>\n<p>Tale indennit\u00e0 \u00e8 commisurata al trattamento pensionistico lordo maturato dal lavoratore al momento della cessazione del rapporto di lavoro ed \u00e8 comprensiva dell\u2019indennit\u00e0 NASpI, ove spettante.\u00a0Sono previsti dei limiti di spesa in relazione all\u2019accesso a questo nuovo scivolo: euro 4,4 milioni per l\u2019anno 2019, euro 11,9 milioni per l\u2019anno 2010 e euro 6,8 milioni per l\u2019anno 2021.\u00a0La prestazione di cui sopra pu\u00f2 essere riconosciuta anche per il tramite dei fondi di solidariet\u00e0 bilaterale.<\/p>\n<p>Per i lavoratori che non possono usufruire del nuovo scivolo, \u00e8 prevista la possibilit\u00e0 di concordare una riduzione oraria non superiore al 30% dell\u2019orario giornaliero, settimanale o mensile, aumentabile fino al 100% nell\u2019arco dell\u2019intero periodo per il quale il contratto di espansione \u00e8 stipulato. Anche in questo caso sono previsti limiti di spesa: euro 15,7 milioni per l\u2019anno 2019 e euro 31,8 milioni per l\u2019anno 2020.<\/p>\n","protected":false},"excerpt":{"rendered":"<p>Con la L. 28 giugno 2019 n. 58 \u00e8 stato convertito in legge il D.L. 30 aprile 2019 n. 34. La nuova normativa (art. 26 quater D.L. 34\/2019 come conv. in legge) sostituisce, tra l\u2019altro, l\u2019art. 41 del D.lgs. 14 settembre 2015 n.148, modificando, dunque, la disciplina del c.d. contratto di solidariet\u00e0 espansiva, ammortizzatore sociale &#8230; <a title=\"Un nuovo scivolo pensionistico  nel contratto di espansione nel decreto crescita\" class=\"read-more\" href=\"https:\/\/toffolettodeluca.it\/en\/un-nuovo-scivolo-pensionistico-nel-contratto-di-espansione-nel-decreto-crescita\/\" aria-label=\"Read more about Un nuovo scivolo pensionistico  nel contratto di espansione nel decreto crescita\">Read more<\/a><\/p>\n","protected":false},"author":25,"featured_media":0,"comment_status":"closed","ping_status":"closed","sticky":false,"template":"","format":"standard","meta":{"_acf_changed":false,"content-type":"","_lmt_disableupdate":"","_lmt_disable":"","footnotes":""},"categories":[21],"tags":[129,128,186],"class_list":["post-3259","post","type-post","status-publish","format-standard","hentry","category-newsflash-insight","tag-contratto-di-solidarieta-espansiva-en","tag-decreto-crescita-en","tag-pensioni-en"],"acf":[],"yoast_head":"<!-- This site is optimized with the Yoast SEO plugin v27.1.1 - https:\/\/yoast.com\/product\/yoast-seo-wordpress\/ -->\n<title>Un nuovo scivolo pensionistico nel contratto di espansione nel decreto crescita - Toffoletto De Luca Tamajo e Soci<\/title>\n<meta name=\"robots\" content=\"index, follow, max-snippet:-1, max-image-preview:large, max-video-preview:-1\" \/>\n<link rel=\"canonical\" href=\"https:\/\/toffolettodeluca.it\/en\/un-nuovo-scivolo-pensionistico-nel-contratto-di-espansione-nel-decreto-crescita\/\" \/>\n<meta property=\"og:locale\" content=\"en_US\" \/>\n<meta property=\"og:type\" content=\"article\" \/>\n<meta property=\"og:title\" content=\"Un nuovo scivolo pensionistico nel contratto di espansione nel decreto crescita - Toffoletto De Luca Tamajo e Soci\" \/>\n<meta property=\"og:description\" content=\"Con la L. 28 giugno 2019 n. 58 \u00e8 stato convertito in legge il D.L. 30 aprile 2019 n. 34. La nuova normativa (art. 26 quater D.L. 34\/2019 come conv. in legge) sostituisce, tra l\u2019altro, l\u2019art. 41 del D.lgs. 14 settembre 2015 n.148, modificando, dunque, la disciplina del c.d. contratto di solidariet\u00e0 espansiva, ammortizzatore sociale ... Read more\" \/>\n<meta property=\"og:url\" content=\"https:\/\/toffolettodeluca.it\/en\/un-nuovo-scivolo-pensionistico-nel-contratto-di-espansione-nel-decreto-crescita\/\" \/>\n<meta property=\"og:site_name\" content=\"Toffoletto De Luca Tamajo e Soci\" \/>\n<meta property=\"article:published_time\" content=\"2019-07-08T00:00:00+00:00\" \/>\n<meta name=\"author\" content=\"Redazione\" \/>\n<meta name=\"twitter:card\" content=\"summary_large_image\" \/>\n<meta name=\"twitter:label1\" content=\"Written by\" \/>\n\t<meta name=\"twitter:data1\" content=\"Redazione\" \/>\n\t<meta name=\"twitter:label2\" content=\"Est. reading time\" \/>\n\t<meta name=\"twitter:data2\" content=\"3 minutes\" \/>\n<script type=\"application\/ld+json\" class=\"yoast-schema-graph\">{\"@context\":\"https:\/\/schema.org\",\"@graph\":[{\"@type\":\"Article\",\"@id\":\"https:\/\/toffolettodeluca.it\/en\/un-nuovo-scivolo-pensionistico-nel-contratto-di-espansione-nel-decreto-crescita\/#article\",\"isPartOf\":{\"@id\":\"https:\/\/toffolettodeluca.it\/en\/un-nuovo-scivolo-pensionistico-nel-contratto-di-espansione-nel-decreto-crescita\/\"},\"author\":{\"name\":\"Redazione\",\"@id\":\"https:\/\/toffolettodeluca.it\/en\/#\/schema\/person\/5af8f8d6da381ab29594446f2f961559\"},\"headline\":\"Un nuovo scivolo pensionistico nel contratto di espansione nel decreto crescita\",\"datePublished\":\"2019-07-08T00:00:00+00:00\",\"mainEntityOfPage\":{\"@id\":\"https:\/\/toffolettodeluca.it\/en\/un-nuovo-scivolo-pensionistico-nel-contratto-di-espansione-nel-decreto-crescita\/\"},\"wordCount\":521,\"publisher\":{\"@id\":\"https:\/\/toffolettodeluca.it\/en\/#organization\"},\"keywords\":[\"Expansive solidarity contract\",\"Growth Decree\",\"Pensions\"],\"articleSection\":[\"Newsflash &amp; Insights\"],\"inLanguage\":\"en-US\"},{\"@type\":\"WebPage\",\"@id\":\"https:\/\/toffolettodeluca.it\/en\/un-nuovo-scivolo-pensionistico-nel-contratto-di-espansione-nel-decreto-crescita\/\",\"url\":\"https:\/\/toffolettodeluca.it\/en\/un-nuovo-scivolo-pensionistico-nel-contratto-di-espansione-nel-decreto-crescita\/\",\"name\":\"Un nuovo scivolo pensionistico nel contratto di espansione nel decreto crescita - Toffoletto De Luca Tamajo e Soci\",\"isPartOf\":{\"@id\":\"https:\/\/toffolettodeluca.it\/en\/#website\"},\"datePublished\":\"2019-07-08T00:00:00+00:00\",\"breadcrumb\":{\"@id\":\"https:\/\/toffolettodeluca.it\/en\/un-nuovo-scivolo-pensionistico-nel-contratto-di-espansione-nel-decreto-crescita\/#breadcrumb\"},\"inLanguage\":\"en-US\",\"potentialAction\":[{\"@type\":\"ReadAction\",\"target\":[\"https:\/\/toffolettodeluca.it\/en\/un-nuovo-scivolo-pensionistico-nel-contratto-di-espansione-nel-decreto-crescita\/\"]}]},{\"@type\":\"BreadcrumbList\",\"@id\":\"https:\/\/toffolettodeluca.it\/en\/un-nuovo-scivolo-pensionistico-nel-contratto-di-espansione-nel-decreto-crescita\/#breadcrumb\",\"itemListElement\":[{\"@type\":\"ListItem\",\"position\":1,\"name\":\"Home\",\"item\":\"https:\/\/toffolettodeluca.it\/en\/\"},{\"@type\":\"ListItem\",\"position\":2,\"name\":\"Learn & Connect\",\"item\":\"https:\/\/toffolettodeluca.it\/en\/learn-connect\/\"},{\"@type\":\"ListItem\",\"position\":3,\"name\":\"Newsflash &amp; Insights\",\"item\":\"https:\/\/toffolettodeluca.it\/en\/category\/newsflash-insight\/\"},{\"@type\":\"ListItem\",\"position\":4,\"name\":\"Un nuovo scivolo pensionistico nel contratto di espansione nel decreto crescita\"}]},{\"@type\":\"WebSite\",\"@id\":\"https:\/\/toffolettodeluca.it\/en\/#website\",\"url\":\"https:\/\/toffolettodeluca.it\/en\/\",\"name\":\"Toffoletto De Luca Tamajo e Soci\",\"description\":\"\",\"publisher\":{\"@id\":\"https:\/\/toffolettodeluca.it\/en\/#organization\"},\"potentialAction\":[{\"@type\":\"SearchAction\",\"target\":{\"@type\":\"EntryPoint\",\"urlTemplate\":\"https:\/\/toffolettodeluca.it\/en\/?s={search_term_string}\"},\"query-input\":{\"@type\":\"PropertyValueSpecification\",\"valueRequired\":true,\"valueName\":\"search_term_string\"}}],\"inLanguage\":\"en-US\"},{\"@type\":\"Organization\",\"@id\":\"https:\/\/toffolettodeluca.it\/en\/#organization\",\"name\":\"Toffoletto De Luca Tamajo e Soci\",\"url\":\"https:\/\/toffolettodeluca.it\/en\/\",\"logo\":{\"@type\":\"ImageObject\",\"inLanguage\":\"en-US\",\"@id\":\"https:\/\/toffolettodeluca.it\/en\/#\/schema\/logo\/image\/\",\"url\":\"https:\/\/toffolettodeluca.it\/wp-content\/uploads\/2025\/04\/logo_100anni.svg\",\"contentUrl\":\"https:\/\/toffolettodeluca.it\/wp-content\/uploads\/2025\/04\/logo_100anni.svg\",\"caption\":\"Toffoletto De Luca Tamajo e Soci\"},\"image\":{\"@id\":\"https:\/\/toffolettodeluca.it\/en\/#\/schema\/logo\/image\/\"}},{\"@type\":\"Person\",\"@id\":\"https:\/\/toffolettodeluca.it\/en\/#\/schema\/person\/5af8f8d6da381ab29594446f2f961559\",\"name\":\"Redazione\",\"image\":{\"@type\":\"ImageObject\",\"inLanguage\":\"en-US\",\"@id\":\"https:\/\/toffolettodeluca.it\/en\/#\/schema\/person\/image\/\",\"url\":\"https:\/\/secure.gravatar.com\/avatar\/8185611aa32d596559515f3a5b9b81ac5e1c4ca55d57079dc140388ca8946e36?s=96&d=mm&r=g\",\"contentUrl\":\"https:\/\/secure.gravatar.com\/avatar\/8185611aa32d596559515f3a5b9b81ac5e1c4ca55d57079dc140388ca8946e36?s=96&d=mm&r=g\",\"caption\":\"Redazione\"},\"url\":\"https:\/\/toffolettodeluca.it\/en\/author\/redazione\/\"}]}<\/script>\n<!-- \/ Yoast SEO plugin. -->","yoast_head_json":{"title":"Un nuovo scivolo pensionistico nel contratto di espansione nel decreto crescita - Toffoletto De Luca Tamajo e Soci","robots":{"index":"index","follow":"follow","max-snippet":"max-snippet:-1","max-image-preview":"max-image-preview:large","max-video-preview":"max-video-preview:-1"},"canonical":"https:\/\/toffolettodeluca.it\/en\/un-nuovo-scivolo-pensionistico-nel-contratto-di-espansione-nel-decreto-crescita\/","og_locale":"en_US","og_type":"article","og_title":"Un nuovo scivolo pensionistico nel contratto di espansione nel decreto crescita - Toffoletto De Luca Tamajo e Soci","og_description":"Con la L. 28 giugno 2019 n. 58 \u00e8 stato convertito in legge il D.L. 30 aprile 2019 n. 34. La nuova normativa (art. 26 quater D.L. 34\/2019 come conv. in legge) sostituisce, tra l\u2019altro, l\u2019art. 41 del D.lgs. 14 settembre 2015 n.148, modificando, dunque, la disciplina del c.d. contratto di solidariet\u00e0 espansiva, ammortizzatore sociale ... Read more","og_url":"https:\/\/toffolettodeluca.it\/en\/un-nuovo-scivolo-pensionistico-nel-contratto-di-espansione-nel-decreto-crescita\/","og_site_name":"Toffoletto De Luca Tamajo e Soci","article_published_time":"2019-07-08T00:00:00+00:00","author":"Redazione","twitter_card":"summary_large_image","twitter_misc":{"Written by":"Redazione","Est. reading time":"3 minutes"},"schema":{"@context":"https:\/\/schema.org","@graph":[{"@type":"Article","@id":"https:\/\/toffolettodeluca.it\/en\/un-nuovo-scivolo-pensionistico-nel-contratto-di-espansione-nel-decreto-crescita\/#article","isPartOf":{"@id":"https:\/\/toffolettodeluca.it\/en\/un-nuovo-scivolo-pensionistico-nel-contratto-di-espansione-nel-decreto-crescita\/"},"author":{"name":"Redazione","@id":"https:\/\/toffolettodeluca.it\/en\/#\/schema\/person\/5af8f8d6da381ab29594446f2f961559"},"headline":"Un nuovo scivolo pensionistico nel contratto di espansione nel decreto crescita","datePublished":"2019-07-08T00:00:00+00:00","mainEntityOfPage":{"@id":"https:\/\/toffolettodeluca.it\/en\/un-nuovo-scivolo-pensionistico-nel-contratto-di-espansione-nel-decreto-crescita\/"},"wordCount":521,"publisher":{"@id":"https:\/\/toffolettodeluca.it\/en\/#organization"},"keywords":["Expansive solidarity contract","Growth Decree","Pensions"],"articleSection":["Newsflash &amp; Insights"],"inLanguage":"en-US"},{"@type":"WebPage","@id":"https:\/\/toffolettodeluca.it\/en\/un-nuovo-scivolo-pensionistico-nel-contratto-di-espansione-nel-decreto-crescita\/","url":"https:\/\/toffolettodeluca.it\/en\/un-nuovo-scivolo-pensionistico-nel-contratto-di-espansione-nel-decreto-crescita\/","name":"Un nuovo scivolo pensionistico nel contratto di espansione nel decreto crescita - Toffoletto De Luca Tamajo e Soci","isPartOf":{"@id":"https:\/\/toffolettodeluca.it\/en\/#website"},"datePublished":"2019-07-08T00:00:00+00:00","breadcrumb":{"@id":"https:\/\/toffolettodeluca.it\/en\/un-nuovo-scivolo-pensionistico-nel-contratto-di-espansione-nel-decreto-crescita\/#breadcrumb"},"inLanguage":"en-US","potentialAction":[{"@type":"ReadAction","target":["https:\/\/toffolettodeluca.it\/en\/un-nuovo-scivolo-pensionistico-nel-contratto-di-espansione-nel-decreto-crescita\/"]}]},{"@type":"BreadcrumbList","@id":"https:\/\/toffolettodeluca.it\/en\/un-nuovo-scivolo-pensionistico-nel-contratto-di-espansione-nel-decreto-crescita\/#breadcrumb","itemListElement":[{"@type":"ListItem","position":1,"name":"Home","item":"https:\/\/toffolettodeluca.it\/en\/"},{"@type":"ListItem","position":2,"name":"Learn & Connect","item":"https:\/\/toffolettodeluca.it\/en\/learn-connect\/"},{"@type":"ListItem","position":3,"name":"Newsflash &amp; Insights","item":"https:\/\/toffolettodeluca.it\/en\/category\/newsflash-insight\/"},{"@type":"ListItem","position":4,"name":"Un nuovo scivolo pensionistico nel contratto di espansione nel decreto crescita"}]},{"@type":"WebSite","@id":"https:\/\/toffolettodeluca.it\/en\/#website","url":"https:\/\/toffolettodeluca.it\/en\/","name":"Toffoletto De Luca Tamajo e Soci","description":"","publisher":{"@id":"https:\/\/toffolettodeluca.it\/en\/#organization"},"potentialAction":[{"@type":"SearchAction","target":{"@type":"EntryPoint","urlTemplate":"https:\/\/toffolettodeluca.it\/en\/?s={search_term_string}"},"query-input":{"@type":"PropertyValueSpecification","valueRequired":true,"valueName":"search_term_string"}}],"inLanguage":"en-US"},{"@type":"Organization","@id":"https:\/\/toffolettodeluca.it\/en\/#organization","name":"Toffoletto De Luca Tamajo e Soci","url":"https:\/\/toffolettodeluca.it\/en\/","logo":{"@type":"ImageObject","inLanguage":"en-US","@id":"https:\/\/toffolettodeluca.it\/en\/#\/schema\/logo\/image\/","url":"https:\/\/toffolettodeluca.it\/wp-content\/uploads\/2025\/04\/logo_100anni.svg","contentUrl":"https:\/\/toffolettodeluca.it\/wp-content\/uploads\/2025\/04\/logo_100anni.svg","caption":"Toffoletto De Luca Tamajo e Soci"},"image":{"@id":"https:\/\/toffolettodeluca.it\/en\/#\/schema\/logo\/image\/"}},{"@type":"Person","@id":"https:\/\/toffolettodeluca.it\/en\/#\/schema\/person\/5af8f8d6da381ab29594446f2f961559","name":"Redazione","image":{"@type":"ImageObject","inLanguage":"en-US","@id":"https:\/\/toffolettodeluca.it\/en\/#\/schema\/person\/image\/","url":"https:\/\/secure.gravatar.com\/avatar\/8185611aa32d596559515f3a5b9b81ac5e1c4ca55d57079dc140388ca8946e36?s=96&d=mm&r=g","contentUrl":"https:\/\/secure.gravatar.com\/avatar\/8185611aa32d596559515f3a5b9b81ac5e1c4ca55d57079dc140388ca8946e36?s=96&d=mm&r=g","caption":"Redazione"},"url":"https:\/\/toffolettodeluca.it\/en\/author\/redazione\/"}]}},"modified_by":null,"_links":{"self":[{"href":"https:\/\/toffolettodeluca.it\/en\/wp-json\/wp\/v2\/posts\/3259","targetHints":{"allow":["GET"]}}],"collection":[{"href":"https:\/\/toffolettodeluca.it\/en\/wp-json\/wp\/v2\/posts"}],"about":[{"href":"https:\/\/toffolettodeluca.it\/en\/wp-json\/wp\/v2\/types\/post"}],"author":[{"embeddable":true,"href":"https:\/\/toffolettodeluca.it\/en\/wp-json\/wp\/v2\/users\/25"}],"replies":[{"embeddable":true,"href":"https:\/\/toffolettodeluca.it\/en\/wp-json\/wp\/v2\/comments?post=3259"}],"version-history":[{"count":0,"href":"https:\/\/toffolettodeluca.it\/en\/wp-json\/wp\/v2\/posts\/3259\/revisions"}],"wp:attachment":[{"href":"https:\/\/toffolettodeluca.it\/en\/wp-json\/wp\/v2\/media?parent=3259"}],"wp:term":[{"taxonomy":"category","embeddable":true,"href":"https:\/\/toffolettodeluca.it\/en\/wp-json\/wp\/v2\/categories?post=3259"},{"taxonomy":"post_tag","embeddable":true,"href":"https:\/\/toffolettodeluca.it\/en\/wp-json\/wp\/v2\/tags?post=3259"}],"curies":[{"name":"wp","href":"https:\/\/api.w.org\/{rel}","templated":true}]}}